{"id":1177,"date":"2018-09-28T13:34:33","date_gmt":"2018-09-28T16:34:33","guid":{"rendered":"https:\/\/fasta-juj.infd.edu.ar\/sitio\/?p=1177"},"modified":"2018-09-28T13:34:33","modified_gmt":"2018-09-28T16:34:33","slug":"el-dia-del-estudiante-en-el-ies-n-8","status":"publish","type":"post","link":"https:\/\/fasta-juj.infd.edu.ar\/sitio\/el-dia-del-estudiante-en-el-ies-n-8\/","title":{"rendered":"EL D\u00cdA DEL ESTUDIANTE EN EL IES N\u00b0 8"},"content":{"rendered":"<figure id=\"attachment_1172\" aria-describedby=\"caption-attachment-1172\" style=\"width: 814px\" class=\"wp-caption aligncenter\"><img decoding=\"async\" loading=\"lazy\" class=\"size-full wp-image-1172\" src=\"https:\/\/fasta-juj.infd.edu.ar\/sitio\/wp-content\/uploads\/2018\/09\/0-FE18-0-800x490.png\" alt=\"\" width=\"824\" height=\"514\" srcset=\"https:\/\/fasta-juj.infd.edu.ar\/sitio\/wp-content\/uploads\/2018\/09\/0-FE18-0-800x490.png 824w, https:\/\/fasta-juj.infd.edu.ar\/sitio\/wp-content\/uploads\/2018\/09\/0-FE18-0-800x490-768x479.png 768w\" sizes=\"(max-width: 824px) 100vw, 824px\" \/><figcaption id=\"caption-attachment-1172\" class=\"wp-caption-text\">Fiesta del D\u00eda del Estudiante 2018, en el IES N\u00b0 8 \u00abSagrado Coraz\u00f3n\u00bb FASTA.<\/figcaption><\/figure>\n<p>El Jueves 20 de Septiembre, en el sal\u00f3n polideportivo del Instituto se llev\u00f3 a cabo en forma conjunta la \u201cFiesta del D\u00eda Estudiante\u201d y la \u201cFiesta del D\u00eda del Profesor\u201d. Los festejos incluyeron actividades con juegos, preparadas por estudiantes de las carreras de Educaci\u00f3n Primaria y Educaci\u00f3n Inicial. Tambi\u00e9n hubo presentes, obsequios y el baile para la culminaci\u00f3n de una excelente y colorida jornada primaveral.<\/p>\n<figure id=\"attachment_1173\" aria-describedby=\"caption-attachment-1173\" style=\"width: 814px\" class=\"wp-caption aligncenter\"><img decoding=\"async\" loading=\"lazy\" class=\"wp-image-1173 size-full\" src=\"https:\/\/fasta-juj.infd.edu.ar\/sitio\/wp-content\/uploads\/2018\/09\/5-FE18-800x3100.jpg\" alt=\"\" width=\"824\" height=\"3124\" srcset=\"https:\/\/fasta-juj.infd.edu.ar\/sitio\/wp-content\/uploads\/2018\/09\/5-FE18-800x3100.jpg 824w, https:\/\/fasta-juj.infd.edu.ar\/sitio\/wp-content\/uploads\/2018\/09\/5-FE18-800x3100-264x1000.jpg 264w, https:\/\/fasta-juj.infd.edu.ar\/sitio\/wp-content\/uploads\/2018\/09\/5-FE18-800x3100-768x2912.jpg 768w, https:\/\/fasta-juj.infd.edu.ar\/sitio\/wp-content\/uploads\/2018\/09\/5-FE18-800x3100-501x1900.jpg 501w\" sizes=\"(max-width: 824px) 100vw, 824px\" \/><figcaption id=\"caption-attachment-1173\" class=\"wp-caption-text\">La \u00abFiesta del D\u00eda Estudiante\u00bb y la \u00abFiesta del D\u00eda del Profesor\u00bb. Los festejos incluyeron actividades l\u00fadicas preparadas por estudiantes de las carreras de Educaci\u00f3n Primaria y Educaci\u00f3n Inicial. Tambi\u00e9n hubo presentes, obsequios y el baile para la culminaci\u00f3n de una excelente jornada primaveral.<\/figcaption><\/figure>\n<figure id=\"attachment_1174\" aria-describedby=\"caption-attachment-1174\" style=\"width: 490px\" class=\"wp-caption aligncenter\"><img decoding=\"async\" loading=\"lazy\" class=\"size-full wp-image-1174\" src=\"https:\/\/fasta-juj.infd.edu.ar\/sitio\/wp-content\/uploads\/2018\/09\/2-FE18-gif-00-500x291.gif\" alt=\"\" width=\"500\" height=\"291\" \/><figcaption id=\"caption-attachment-1174\" class=\"wp-caption-text\">Secuencia: El D\u00eda del Estudiante.<\/figcaption><\/figure>\n","protected":false},"excerpt":{"rendered":"<p>El Jueves 20 de Septiembre, en el sal\u00f3n polideportivo del Instituto se llev\u00f3 a cabo en forma conjunta la \u201cFiesta del D\u00eda Estudiante\u201d y la \u201cFiesta del D\u00eda del Profesor\u201d. Los festejos incluyeron actividades con juegos, preparadas por estudiantes de las carreras de Educaci\u00f3n Primaria y Educaci\u00f3n Inicial. Tambi\u00e9n hubo presentes, obsequios y el baile &#8230; <a title=\"EL D\u00cdA DEL ESTUDIANTE EN EL IES N\u00b0 8\" class=\"read-more\" href=\"https:\/\/fasta-juj.infd.edu.ar\/sitio\/el-dia-del-estudiante-en-el-ies-n-8\/\" aria-label=\"More on EL D\u00cdA DEL ESTUDIANTE EN EL IES N\u00b0 8\">[+]<\/a><\/p>\n","protected":false},"author":55,"featured_media":0,"comment_status":"open","ping_status":"open","sticky":false,"template":"","format":"standard","meta":[],"categories":[13],"tags":[132],"acf":[],"_links":{"self":[{"href":"https:\/\/fasta-juj.infd.edu.ar\/sitio\/wp-json\/wp\/v2\/posts\/1177"}],"collection":[{"href":"https:\/\/fasta-juj.infd.edu.ar\/sitio\/wp-json\/wp\/v2\/posts"}],"about":[{"href":"https:\/\/fasta-juj.infd.edu.ar\/sitio\/wp-json\/wp\/v2\/types\/post"}],"author":[{"embeddable":true,"href":"https:\/\/fasta-juj.infd.edu.ar\/sitio\/wp-json\/wp\/v2\/users\/55"}],"replies":[{"embeddable":true,"href":"https:\/\/fasta-juj.infd.edu.ar\/sitio\/wp-json\/wp\/v2\/comments?post=1177"}],"version-history":[{"count":1,"href":"https:\/\/fasta-juj.infd.edu.ar\/sitio\/wp-json\/wp\/v2\/posts\/1177\/revisions"}],"predecessor-version":[{"id":1178,"href":"https:\/\/fasta-juj.infd.edu.ar\/sitio\/wp-json\/wp\/v2\/posts\/1177\/revisions\/1178"}],"wp:attachment":[{"href":"https:\/\/fasta-juj.infd.edu.ar\/sitio\/wp-json\/wp\/v2\/media?parent=1177"}],"wp:term":[{"taxonomy":"category","embeddable":true,"href":"https:\/\/fasta-juj.infd.edu.ar\/sitio\/wp-json\/wp\/v2\/categories?post=1177"},{"taxonomy":"post_tag","embeddable":true,"href":"https:\/\/fasta-juj.infd.edu.ar\/sitio\/wp-json\/wp\/v2\/tags?post=1177"}],"curies":[{"name":"wp","href":"https:\/\/api.w.org\/{rel}","templated":true}]}}