{"id":743,"date":"2018-08-24T22:28:33","date_gmt":"2018-08-24T19:28:33","guid":{"rendered":"https:\/\/fasta-juj.infd.edu.ar\/sitio\/23-de-agosto-1812-2018-acto-en-conmemoracion-del-exodo-jujeno\/"},"modified":"2018-08-24T22:28:33","modified_gmt":"2018-08-24T19:28:33","slug":"23-de-agosto-1812-2018-acto-en-conmemoracion-del-exodo-jujeno","status":"publish","type":"post","link":"https:\/\/fasta-juj.infd.edu.ar\/sitio\/23-de-agosto-1812-2018-acto-en-conmemoracion-del-exodo-jujeno\/","title":{"rendered":"23 DE AGOSTO 1812 &#8211; 2018 ACTO EN CONMEMORACI\u00d3N DEL \u00c9XODO JUJE\u00d1O"},"content":{"rendered":"<h1 style=\"text-align: center;\"><span style=\"color: #000000;\">23 DE AGOSTO 1812 &#8211; 2018<\/span><br \/><span style=\"color: #000000;\">ACTO EN CONMEMORACI&Oacute;N DEL &Eacute;XODO JUJE&Ntilde;O<\/span><\/p>\n<h2 style=\"text-align: center;\"><span style=\"color: #000000;\">\u00abA todo el Heroico Pueblo Juje&ntilde;o que con gran hero&iacute;smo resign&oacute; todo en pos de la Patria. 23 de Agosto 1812-2018\u00bb.<\/span><\/h2>\n<p style=\"text-align: center;\"><span style=\"color: #000000;\"><img decoding=\"async\" title=\"Acto 23 de Agosto 2018  \" src=\"https:\/\/fasta-juj.infd.edu.ar\/sitio\/upload\/img\/a_00_escenario_imagenencabezado_800x900.JPG\" border=\"0\" alt=\"Acto 23 de Agosto 2018  \"><\/span><\/p>\n<p>&nbsp;<\/p>\n<p><span style=\"color: #333333; font-size: 12pt;\">El mi&eacute;rcoles 22 de Agosto, se realiz&oacute; el Acto en Conmemoraci&oacute;n del 206 aniversario del &Eacute;xodo Juje&ntilde;o, en el sal&oacute;n polideportivo del Centro Educativo FASTA.<\/span><\/p>\n<p><span style=\"color: #333333; font-size: 12pt;\">La organizaci&oacute;n del acto estuvo a cargo de docentes y estudiantes del profesorado de Educaci&oacute;n Inicial y Educaci&oacute;n Primaria. Particip&oacute; la Comunidad Educativa del IES N&deg; 8 \u00abSagrado Coraz&oacute;n\u00bb FASTA.<\/span><\/p>\n<p>&nbsp;<\/p>\n<p style=\"text-align: center;\"><span style=\"color: #333333;\"><img decoding=\"async\" title=\"Acto 23 de Agosto 2018   \" src=\"https:\/\/fasta-juj.infd.edu.ar\/sitio\/upload\/img\/b_00_ingresobanderas_800x300.JPG\" border=\"0\" alt=\"Acto 23 de Agosto 2018   \"><\/span><\/p>\n<p style=\"text-align: left;\"><span style=\"color: #333333; font-size: 12pt;\">Imagen: Entrada de las Banderas de Ceremonia en el Acto del 23 de Agosto.<\/span><\/p>\n<p style=\"text-align: left;\">&nbsp;<\/p>\n<p style=\"text-align: center;\"><span style=\"color: #333333; font-size: 12pt;\"><img decoding=\"async\" title=\"Acto 23 de Agosto 2018    \" src=\"https:\/\/fasta-juj.infd.edu.ar\/sitio\/upload\/img\/C_00_23ago_presentacionartistica_800x1000.JPG\" border=\"0\" alt=\"Acto 23 de Agosto 2018    \"><\/span><\/p>\n<p style=\"text-align: left;\"><span style=\"color: #333333; font-size: 12pt;\">Imagen: Presentaci&oacute;n art&iacute;stica en Conmemoracion del &Eacute;xodo Juje&ntilde;o realizada por estudiantes del Profesorado de Educaci&oacute;n Inicial.<\/span><\/p>\n<p style=\"text-align: left;\">&nbsp;<\/p>\n<p style=\"text-align: center;\"><span style=\"color: #333333; font-size: 12pt;\"><img decoding=\"async\" title=\"Acto 23 de Agosto 2018     \" src=\"https:\/\/fasta-juj.infd.edu.ar\/sitio\/upload\/img\/a_secuencia_acto23ago2018.gif\" border=\"0\" alt=\"Acto 23 de Agosto 2018     \"><\/span><\/p>\n<p style=\"text-align: center;\"><span style=\"color: #333333; font-size: 12pt;\">Secuencia: Acto del 23 de agosto \u00ab&Eacute;xodo Juje&ntilde;o\u00bb.<\/span><\/p>\n<p style=\"text-align: center;\">&nbsp;<\/p>\n<p style=\"text-align: center;\"><span style=\"color: #333333; font-size: 12pt;\"><img decoding=\"async\" title=\"Acto 23 de Agosto 2018    \" src=\"https:\/\/fasta-juj.infd.edu.ar\/sitio\/upload\/img\/d_00_imagen_grupal_800x503.JPG\" border=\"0\" alt=\"Acto 23 de Agosto 2018    \"><\/span><\/p>\n<p style=\"text-align: left;\"><span style=\"color: #333333; font-size: 12pt;\">Foto grupal: docentes y estudiantes que participaron en la organizaci&oacute;n del Acto del 23 de Agosto \u00ab&Eacute;xodo Juje&ntilde;o\u00bb.<\/span><\/p>\n<\/h1>\n","protected":false},"excerpt":{"rendered":"<p>23 DE AGOSTO 1812 &#8211; 2018ACTO EN CONMEMORACI&Oacute;N DEL &Eacute;XODO JUJE&Ntilde;O \u00abA todo el Heroico Pueblo Juje&ntilde;o que con gran hero&iacute;smo resign&oacute; todo en pos de la Patria. 23 de Agosto 1812-2018\u00bb. &nbsp; El mi&eacute;rcoles 22 de Agosto, se realiz&oacute; el Acto en Conmemoraci&oacute;n del 206 aniversario del &Eacute;xodo Juje&ntilde;o, en el sal&oacute;n polideportivo del &#8230; <a title=\"23 DE AGOSTO 1812 &#8211; 2018 ACTO EN CONMEMORACI\u00d3N DEL \u00c9XODO JUJE\u00d1O\" class=\"read-more\" href=\"https:\/\/fasta-juj.infd.edu.ar\/sitio\/23-de-agosto-1812-2018-acto-en-conmemoracion-del-exodo-jujeno\/\" aria-label=\"More on 23 DE AGOSTO 1812 &#8211; 2018 ACTO EN CONMEMORACI\u00d3N DEL \u00c9XODO JUJE\u00d1O\">[+]<\/a><\/p>\n","protected":false},"author":55,"featured_media":0,"comment_status":"open","ping_status":"open","sticky":false,"template":"","format":"standard","meta":[],"categories":[11],"tags":[117,83],"acf":[],"_links":{"self":[{"href":"https:\/\/fasta-juj.infd.edu.ar\/sitio\/wp-json\/wp\/v2\/posts\/743"}],"collection":[{"href":"https:\/\/fasta-juj.infd.edu.ar\/sitio\/wp-json\/wp\/v2\/posts"}],"about":[{"href":"https:\/\/fasta-juj.infd.edu.ar\/sitio\/wp-json\/wp\/v2\/types\/post"}],"author":[{"embeddable":true,"href":"https:\/\/fasta-juj.infd.edu.ar\/sitio\/wp-json\/wp\/v2\/users\/55"}],"replies":[{"embeddable":true,"href":"https:\/\/fasta-juj.infd.edu.ar\/sitio\/wp-json\/wp\/v2\/comments?post=743"}],"version-history":[{"count":0,"href":"https:\/\/fasta-juj.infd.edu.ar\/sitio\/wp-json\/wp\/v2\/posts\/743\/revisions"}],"wp:attachment":[{"href":"https:\/\/fasta-juj.infd.edu.ar\/sitio\/wp-json\/wp\/v2\/media?parent=743"}],"wp:term":[{"taxonomy":"category","embeddable":true,"href":"https:\/\/fasta-juj.infd.edu.ar\/sitio\/wp-json\/wp\/v2\/categories?post=743"},{"taxonomy":"post_tag","embeddable":true,"href":"https:\/\/fasta-juj.infd.edu.ar\/sitio\/wp-json\/wp\/v2\/tags?post=743"}],"curies":[{"name":"wp","href":"https:\/\/api.w.org\/{rel}","templated":true}]}}