{"id":151,"count":1,"description":"","link":"https:\/\/fasta-juj.infd.edu.ar\/sitio\/tag\/en-conmemoracion-del-fallecimiento-del-general-jose-de-san-martin\/","name":"en Conmemoraci\u00f3n del fallecimiento del General Jos\u00e9 de San Mart\u00edn.","slug":"en-conmemoracion-del-fallecimiento-del-general-jose-de-san-martin","taxonomy":"post_tag","meta":[],"_links":{"self":[{"href":"https:\/\/fasta-juj.infd.edu.ar\/sitio\/wp-json\/wp\/v2\/tags\/151"}],"collection":[{"href":"https:\/\/fasta-juj.infd.edu.ar\/sitio\/wp-json\/wp\/v2\/tags"}],"about":[{"href":"https:\/\/fasta-juj.infd.edu.ar\/sitio\/wp-json\/wp\/v2\/taxonomies\/post_tag"}],"wp:post_type":[{"href":"https:\/\/fasta-juj.infd.edu.ar\/sitio\/wp-json\/wp\/v2\/posts?tags=151"}],"curies":[{"name":"wp","href":"https:\/\/api.w.org\/{rel}","templated":true}]}}